{"id":333,"date":"2025-04-07T20:12:48","date_gmt":"2025-04-07T20:12:48","guid":{"rendered":"https:\/\/demosites.royal-elementor-addons.com\/yoga-v2\/?p=333"},"modified":"2025-08-17T19:58:29","modified_gmt":"2025-08-17T19:58:29","slug":"a-fina-luz-da-fotografia-potiguar","status":"publish","type":"post","link":"https:\/\/uigglab.com.br\/fototeca\/2025\/04\/07\/a-fina-luz-da-fotografia-potiguar\/","title":{"rendered":"A Fina Luz da Fotografia Potiguar"},"content":{"rendered":"\n<p><em>A origem etimol\u00f3gica de&nbsp;\u201cfotografia\u201d&nbsp;vem do grego e significa&nbsp;&#8220;gravar com luz&#8221;:&nbsp;&#8220;foto&#8221;&nbsp;(luz) e&nbsp;&#8220;graphein&#8221;&nbsp;(escrever, gravar).<\/em><\/p>\n\n\n\n<p>Em 19 de agosto de 1827, o cientista franc\u00eas&nbsp;Joseph Niepce&nbsp;desenvolveu a primeira imagem fotogr\u00e1fica. Niepce colocou uma gravura em uma placa de metal revestida com betume e depois a exp\u00f4s \u00e0 luz por 10 horas. As \u00e1reas sombrias da grava\u00e7\u00e3o bloqueavam a luz, mas as \u00e1reas mais brancas permitiam que a luz reagisse com os produtos qu\u00edmicos na placa. Por esse feito, todo ano no dia 19 de agosto, o mundo inteiro celebra a fotografia.<\/p>\n\n\n\n<p>12 anos depois, em 1839, o primeiro processo fotogr\u00e1fico pr\u00e1tico foi inventado por Louis Daguerre. O processo de daguerreotipia envolvia expor uma chapa de cobre prateada a vapor de iodo para criar uma superf\u00edcie sens\u00edvel \u00e0 luz. A chapa era ent\u00e3o exposta \u00e0 luz, desenvolvendo uma imagem latente que se tornava vis\u00edvel por vapor de merc\u00fario e fixada com uma solu\u00e7\u00e3o de sal. O daguerre\u00f3tipo produzia imagens altamente detalhadas e \u00fanicas, e sua introdu\u00e7\u00e3o marcou o nascimento da fotografia comercial.<\/p>\n\n\n\n<p>A fotografia chega ao Brasil em 1840, apenas um ano ap\u00f3s a inven\u00e7\u00e3o do daguerre\u00f3tipo na Fran\u00e7a. O abade franc\u00eas&nbsp;Louis Compte&nbsp;fez demonstra\u00e7\u00f5es ao jovem imperador Dom Pedro II, que ficou maravilhado com o invento. Dom Pedro II passou a colecionar daguerre\u00f3tipos, tornando-se o primeiro fot\u00f3grafo brasileiro e constantemente posava com suas c\u00e2meras fotogr\u00e1ficas junto com a fam\u00edlia imperial no Brasil.<\/p>\n\n\n\n<p>Em Natal, os primeiros registos fotogr\u00e1ficos foram dos irm\u00e3os su\u00ed\u00e7os Max e Bruno Bougard, que chegaram \u00e0 Cidade dos Reis Magos em 1897 e montaram seu ateli\u00ea na Rua Treze de Maio, n\u00ba 38, atual Rua Princesa Isabel, no Bairro da Cidade Alta, oferecendo seus servi\u00e7os atrav\u00e9s de an\u00fancios no Di\u00e1rio de Natal. Com o tempo, os irm\u00e3os se separaram o somente o Bruno Bougard ficou no Rio Grande do Norte.<\/p>\n\n\n\n<p>Bruno Bourgard foi o um fot\u00f3grafo itinerante, viajando pelo interior do Rio Grande do Norte em busca de clientes endinheirados e capazes de pagar seus servi\u00e7os. Bruno Bougard retratava pessoas e as cidades. Bruno buscava lugares mais altos para fazer grandes panor\u00e2micas e a c\u00fapulas das igrejas eram seus lugares preferidos. Em Natal, um dos seus primeiros registros arquitet\u00f4nicos \u00e9 o da Pra\u00e7a Andr\u00e9 de Albuquerque fotografia do alto da torre da Matriz de Nossa Senhora da Apresenta\u00e7\u00e3o.<\/p>\n\n\n\n<p>Em 1908, o fot\u00f3grafo genuinamente potiguar era Manoel Dantas, que era tamb\u00e9m professor, advogado, jornalista, juiz de direito, pol\u00edtico e precursor dos estudos do folclore no Rio Grande do Norte. Como Manoel Dantas era o \u00fanico em Natal que possu\u00eda equipamentos sofisticados de fotografia e \u00f3tica, ele reunia amigos e convidados em sua casa para apresentar tudo que fotografava. Essas reuni\u00f5es reuniam grandes plateias e contavam com um aparelho \u00f3tico de proje\u00e7\u00e3o conhecido como estereosc\u00f3pico, que projetava paisagens e retratos fotografados por Manoel Dantas. &nbsp;O estereosc\u00f3pico foi muito popular entre as classes abastadas em in\u00edcios do s\u00e9culo XX.<\/p>\n\n\n\n<p>Manoel Dantas e Bruno Bougard foram os pioneiros da fotografia em solo potiguar, que fizeram os primeiros registros urbanos de Natal, cujas fotografias foram testemunhos de uma cidade em transforma\u00e7\u00e3o, tanto o aspecto urbano como as manifesta\u00e7\u00f5es sociais que aconteciam na cidade. Ambos fot\u00f3grafos fizeram fotos de pessoas em situa\u00e7\u00f5es diferentes, tanto na popula\u00e7\u00e3o mais humilde quantos em festas da alta sociedade natalense, criando um acervo social importante da fotografia potiguar.<\/p>\n\n\n\n<p>Dos anos de 1940 at\u00e9 1980, o fot\u00f3grafo natalense Jaecy Galv\u00e3o fez imagens ic\u00f4nicas da cidade e de seu povo. Aproveitando os americanos em Natal, durante a Segunda Guerra Mundial, quando fez imagens a\u00e9reas da cidade de dentro de avi\u00f5es norte-americanos. Jaecy elaborou uma das maiores narrativas visuais da vida social de Natal. Ele ficou conhecido em sua juventude, entre seus amigos e clientes como o \u201cfot\u00f3grafo dos artistas\u201d, fotografando pol\u00edticos e as pessoas que se destacavam socialmente.<\/p>\n\n\n\n<p>Atualmente, o \u201cErre Ene\u201d \u00e9 celeiro de grandes fot\u00f3grafos como Giovanni S\u00e9rgio e sua obra prima, o foto livro \u201cAs Quatro Margens do Rio\u201d (1996 \u2013 Editado atrav\u00e9s da Lei Municipal Djalma Maranh\u00e3o), uma narrativa visual onde o artista fotografou o Rio Potengi com suas paisagens por onde o rio passa e sua gente ribeirinha, desde sua nascente em Cerro Cor\u00e1, no Serid\u00f3, at\u00e9 o quando o rio encontra o mar, na Boca da Barra tendo o Forte dos Reis Magos como testemunha do encontro do Oceano Atl\u00e2ntico com o Potengi.&nbsp;<\/p>\n\n\n\n<p>\u00c9 importante citar o fot\u00f3grafo Canind\u00e9 Soares que merece todas as homenagens por suas fotografias mostrando Natal e o Rio Grande do Norte ao mundo. Entre os in\u00fameros trabalhos de Canind\u00e9 Soares, poderemos destacar os livros: \u201cVem Viver Natal\u201d (2010), \u201cNatal por Canind\u00e9\u201d Soares (2012), \u201cNatal em Fotos\u201d (2014) e \u201cLitoral do RN\u201d (2019). Poderemos destacar que em 2017,a doutoranda Sylvana Kelly Marques apresentou sua tese na UFRN onde a fotografia de Canind\u00e9 foi o objeto do estudo, com o tema, \u201cAs narrativas de Canind\u00e9 Soares entre o turismo e a devo\u00e7\u00e3o\u201d.<\/p>\n\n\n\n<p>A hist\u00f3ria da fotografia potiguar tem consagrado nomes como Bruno Bougard, Manoel Dantas, Jaecy Galv\u00e3o, Giovanni S\u00e9rgio e Canind\u00e9 Soares. Poucos Estados brasileiros tem uma fotografia t\u00e3o pulsante e valorizada com pessoas comprometidas em estudar as n\u00fancias da luz e sua magia com a c\u00e2mera escura. Aqui h\u00e1 escola de fotografia, coletivos fotogr\u00e1ficos, foto clubes e uma gama de excelentes fot\u00f3grafos em atividade. Falta concursos fotogr\u00e1ficos por parte do Poder P\u00fablico para incentivar o fazer fotogr\u00e1fico, criando um ambiente para um destaque mundial da fotografia potiguar.<\/p>\n\n\n\n<figure class=\"wp-block-image size-large\"><img fetchpriority=\"high\" decoding=\"async\" width=\"1024\" height=\"752\" src=\"https:\/\/uigglab.com.br\/fototeca\/wp-content\/uploads\/2025\/04\/A-Fina-Luz-da-Fotografia-Potiguar-1024x752.jpg\" alt=\"\" class=\"wp-image-2793\" srcset=\"https:\/\/uigglab.com.br\/fototeca\/wp-content\/uploads\/2025\/04\/A-Fina-Luz-da-Fotografia-Potiguar-1024x752.jpg 1024w, https:\/\/uigglab.com.br\/fototeca\/wp-content\/uploads\/2025\/04\/A-Fina-Luz-da-Fotografia-Potiguar-300x220.jpg 300w, https:\/\/uigglab.com.br\/fototeca\/wp-content\/uploads\/2025\/04\/A-Fina-Luz-da-Fotografia-Potiguar-768x564.jpg 768w, https:\/\/uigglab.com.br\/fototeca\/wp-content\/uploads\/2025\/04\/A-Fina-Luz-da-Fotografia-Potiguar-205x150.jpg 205w, https:\/\/uigglab.com.br\/fototeca\/wp-content\/uploads\/2025\/04\/A-Fina-Luz-da-Fotografia-Potiguar-480x352.jpg 480w, https:\/\/uigglab.com.br\/fototeca\/wp-content\/uploads\/2025\/04\/A-Fina-Luz-da-Fotografia-Potiguar.jpg 1500w\" sizes=\"(max-width: 1024px) 100vw, 1024px\" \/><figcaption class=\"wp-element-caption\">Vista Parcial da Cidade Alta, Natal RN, d\u00e9cada de 1910. Foto: Bruno Bourgard &#8211; Acervo IHGRN<br><\/figcaption><\/figure>\n","protected":false},"excerpt":{"rendered":"<p>Em 19 de agosto de 1827, o cientista franc\u00eas\u00a0Joseph Niepce\u00a0desenvolveu a primeira imagem fotogr\u00e1fica. Niepce colocou uma gravura em uma placa de metal revestida com betume e depois a exp\u00f4s \u00e0 luz por 10 horas. As \u00e1reas sombrias da grava\u00e7\u00e3o bloqueavam a luz, mas as \u00e1reas mais brancas permitiam que a luz reagisse com os produtos qu\u00edmicos na placa. Por esse feito, todo ano no dia 19 de agosto, o mundo inteiro celebra a fotografia.<\/p>\n","protected":false},"author":1,"featured_media":2798,"comment_status":"open","ping_status":"open","sticky":false,"template":"","format":"standard","meta":{"footnotes":""},"categories":[4,2],"tags":[7,8,10,11,14],"class_list":["post-333","post","type-post","status-publish","format-standard","has-post-thumbnail","hentry","category-biografia","category-eventos","tag-breath-control","tag-flexibility-boost","tag-guided-meditation","tag-morning-routine","tag-stress-relief"],"_links":{"self":[{"href":"https:\/\/uigglab.com.br\/fototeca\/wp-json\/wp\/v2\/posts\/333","targetHints":{"allow":["GET"]}}],"collection":[{"href":"https:\/\/uigglab.com.br\/fototeca\/wp-json\/wp\/v2\/posts"}],"about":[{"href":"https:\/\/uigglab.com.br\/fototeca\/wp-json\/wp\/v2\/types\/post"}],"author":[{"embeddable":true,"href":"https:\/\/uigglab.com.br\/fototeca\/wp-json\/wp\/v2\/users\/1"}],"replies":[{"embeddable":true,"href":"https:\/\/uigglab.com.br\/fototeca\/wp-json\/wp\/v2\/comments?post=333"}],"version-history":[{"count":5,"href":"https:\/\/uigglab.com.br\/fototeca\/wp-json\/wp\/v2\/posts\/333\/revisions"}],"predecessor-version":[{"id":2795,"href":"https:\/\/uigglab.com.br\/fototeca\/wp-json\/wp\/v2\/posts\/333\/revisions\/2795"}],"wp:featuredmedia":[{"embeddable":true,"href":"https:\/\/uigglab.com.br\/fototeca\/wp-json\/wp\/v2\/media\/2798"}],"wp:attachment":[{"href":"https:\/\/uigglab.com.br\/fototeca\/wp-json\/wp\/v2\/media?parent=333"}],"wp:term":[{"taxonomy":"category","embeddable":true,"href":"https:\/\/uigglab.com.br\/fototeca\/wp-json\/wp\/v2\/categories?post=333"},{"taxonomy":"post_tag","embeddable":true,"href":"https:\/\/uigglab.com.br\/fototeca\/wp-json\/wp\/v2\/tags?post=333"}],"curies":[{"name":"wp","href":"https:\/\/api.w.org\/{rel}","templated":true}]}}